{"id":1089,"date":"2023-10-18T08:10:46","date_gmt":"2023-10-18T06:10:46","guid":{"rendered":"http:\/\/kutasikossuthvt.hu\/?p=1089"},"modified":"2023-10-19T09:27:20","modified_gmt":"2023-10-19T07:27:20","slug":"aktualis-vadaszati-kinalataink","status":"publish","type":"post","link":"http:\/\/kutasikossuthvt.hu\/de\/2023\/10\/18\/aktualis-vadaszati-kinalataink\/","title":{"rendered":"Aktuelle Jagdm\u00f6glichkeiten"},"content":{"rendered":"<p><\/p>\n<p style=\"font-weight: 400;\">Unsere Jagdgesellschaft hat f\u00fcr das Jahr 2023-2024 die Termine f\u00fcr 2 x 2 Tage Treibjagd festgelegt f\u00fcr interessierte Gruppen oder Einzelj\u00e4ger.<\/p>\n<p style=\"font-weight: 400;\"><strong>Treibjagd Termine: (max. 25 J\u00e4ger)<\/strong><\/p>\n<ul>\n<li>-10. Dezember 2023 (Samstag, Sonntag)<\/li>\n<li>-14. Januar 2023 (Samstag, Sonntag)<\/li>\n<\/ul>\n<p style=\"font-weight: 400;\"><strong>Preise:<\/strong><\/p>\n<p style=\"font-weight: 400;\">Teilnahme: 500 \u20ac\/Kopf\/Tag<\/p>\n<p style=\"font-weight: 400;\">Unterkunft: 35 \u20ac\/Kopf\/Nacht (max. 22 J\u00e4ger)<\/p>\n<p style=\"font-weight: 400;\">Versorgung: Fr\u00fchst\u00fcck<br \/>\n&nbsp; &nbsp; &nbsp; &nbsp; &nbsp; &nbsp; &nbsp; &nbsp; &nbsp; &nbsp; &nbsp; &nbsp;Mittagessen (Sandwitchpacket zur Mittagszeit auf den Revier)<br \/>\n&nbsp; &nbsp; &nbsp; &nbsp; &nbsp; &nbsp; &nbsp; &nbsp; &nbsp; &nbsp; &nbsp; &nbsp;Abendessen<\/p>\n<p style=\"font-weight: 400;\">Fr\u00fchst\u00fcck: 15 \u20ac\/Kopf\/Tag<br \/>\nSandwitchpacket: 15 \u20ac\/ Kopf\/Tag<br \/>\nAbendessen: 20 \u20ac\/ Kopf\/Tag<\/p>\n<p style=\"font-weight: 400;\">Die oben gennnaten Preise gelten f\u00fcr die Treibjagd vom 9-10 Dez. 2023 und 13-14 Jan. 2024.<\/p>\n<p style=\"font-weight: 400;\">Zu den oben genannten Treibjagden k\u00f6nnen am vorigen Tag (Freitag) oder am n\u00e4chsten Tag (Montag) eine Fasanjagd f\u00fcr mindestens 10 Teilnehmer organisiert werden. Mit der Gruppe wird hierf\u00fcr ein Sondervertrag abgeschlossen, das von der Menge der Fasan abh\u00e4ngt (mindestens 100 St).<\/p>\n<p style=\"font-weight: 400;\"><strong>Weitere Jagdm\u00f6glichkeiten:<\/strong><\/p>\n<ul>\n<li>Aschussrothirsch<\/li>\n<\/ul>\n<p style=\"font-weight: 400;\">Kleinere Gruppen (6-10 Person) Tier, ansitzen, Riegeljagd je nach Bedarf (1-2 Tage) kombiniert mit Fasanjagd<\/p>\n<ul>\n<li>nur Fasanjagd (mindestens 10 Personen, max 100 St ausgesetzte Fasan)<\/li>\n<\/ul>\n<p style=\"font-weight: 400;\"><strong>Preise:<\/strong><\/p>\n<ul>\n<li>Tier: -20 % von den Preisen aus den Portal<\/li>\n<li>Abschusshirsch: -20 % von den Preisen aus den Portal<\/li>\n<li>Fasanjagd: h\u00e4ngt von der Menge den ausgesetzten Fasan ab (min. 100 St) nach Vereinbarung<\/li>\n<\/ul>\n<p style=\"font-weight: 400;\">Wir freuen uns auf eine erfolgreiche Jagd im Herzen von Somogy. Wenn wir Ihre Interesse erweckt haben z\u00f6gern Sie nicht uns anzufragen<\/p>\n<p style=\"font-weight: 400;\"><a href=\"mailto:info@kutasikossuthvt.hu\">info@kutasikossuthvt.hu<\/a><\/p>\n<p style=\"font-weight: 400;\">Tali\u00e1n Attila Vt.-eln\u00f6k +36 20 936 7367<br \/>\nHorv\u00e1th Csaba Vt.-titk\u00e1r +36 20 934 3742<br \/>\nKutas Csaba Vad\u00e1szmester +36 30 965 9782<\/p>\n<p><\/p>","protected":false},"excerpt":{"rendered":"<p>Unsere Jagdgesellschaft hat f\u00fcr das Jahr 2023-2024 die Termine f\u00fcr 2 x 2 Tage Treibjagd festgelegt f\u00fcr interessierte Gruppen oder Einzelj\u00e4ger. Treibjagd Termine: (max. 25 J\u00e4ger) -10. Dezember 2023 (Samstag, Sonntag) -14. Januar 2023 (Samstag, Sonntag) Preise: Teilnahme: 500 \u20ac\/Kopf\/Tag Unterkunft: 35 \u20ac\/Kopf\/Nacht (max. 22 J\u00e4ger) Versorgung: Fr\u00fchst\u00fcck &nbsp; &nbsp; &nbsp; &nbsp; &nbsp; &nbsp; &nbsp; [&hellip;]<\/p>\n","protected":false},"author":3,"featured_media":0,"comment_status":"closed","ping_status":"closed","sticky":false,"template":"","format":"standard","meta":{"ngg_post_thumbnail":0},"categories":[5],"tags":[],"_links":{"self":[{"href":"http:\/\/kutasikossuthvt.hu\/de\/wp-json\/wp\/v2\/posts\/1089"}],"collection":[{"href":"http:\/\/kutasikossuthvt.hu\/de\/wp-json\/wp\/v2\/posts"}],"about":[{"href":"http:\/\/kutasikossuthvt.hu\/de\/wp-json\/wp\/v2\/types\/post"}],"author":[{"embeddable":true,"href":"http:\/\/kutasikossuthvt.hu\/de\/wp-json\/wp\/v2\/users\/3"}],"replies":[{"embeddable":true,"href":"http:\/\/kutasikossuthvt.hu\/de\/wp-json\/wp\/v2\/comments?post=1089"}],"version-history":[{"count":1,"href":"http:\/\/kutasikossuthvt.hu\/de\/wp-json\/wp\/v2\/posts\/1089\/revisions"}],"predecessor-version":[{"id":1098,"href":"http:\/\/kutasikossuthvt.hu\/de\/wp-json\/wp\/v2\/posts\/1089\/revisions\/1098"}],"wp:attachment":[{"href":"http:\/\/kutasikossuthvt.hu\/de\/wp-json\/wp\/v2\/media?parent=1089"}],"wp:term":[{"taxonomy":"category","embeddable":true,"href":"http:\/\/kutasikossuthvt.hu\/de\/wp-json\/wp\/v2\/categories?post=1089"},{"taxonomy":"post_tag","embeddable":true,"href":"http:\/\/kutasikossuthvt.hu\/de\/wp-json\/wp\/v2\/tags?post=1089"}],"curies":[{"name":"wp","href":"https:\/\/api.w.org\/{rel}","templated":true}]}}